{"id":2357,"date":"2019-09-25T20:19:18","date_gmt":"2019-09-26T00:19:18","guid":{"rendered":"http:\/\/heartsoffreedom.org\/?p=2357"},"modified":"2024-08-23T22:52:31","modified_gmt":"2024-08-24T02:52:31","slug":"hof094-howard-adelman","status":"publish","type":"post","link":"https:\/\/heartsoffreedom.org\/fr\/hof094-howard-adelman\/","title":{"rendered":"HOF094: Howard Adelman"},"content":{"rendered":"<p>Howard Adelman est un chercheur et professeur d'universit\u00e9 qui a commenc\u00e9 \u00e0 enseigner \u00e0 l'Universit\u00e9 York \u00e0 Toronto en 1966. Il a fond\u00e9 le Refugee Studies Project qui est devenu le Centre for Refugee Studies de l\u2019Universit\u00e9 York dont il a \u00e9t\u00e9 le directeur pendant 5 ans.<\/p>\n<p>M. Adelman est impliqu\u00e9 dans les questions de r\u00e9fugi\u00e9s depuis plusieurs ann\u00e9es. Dans les ann\u00e9es 1970, pr\u00e9occup\u00e9 par la crise des r\u00e9fugi\u00e9s en Asie du Sud-est, il a d\u00e9cid\u00e9 de porter assistance \u00e0 cette population. En juin de 1979, il a invit\u00e9 un certain nombre de r\u00e9sidents de Toronto qui repr\u00e9sentaient une grande diversit\u00e9 d'organismes communautaires \u00e0 une r\u00e9union \u00e0 sa r\u00e9sidence afin de discuter de la question avec eux. Le ministre de l'Emploi et de l'Immigration (CEIC), Ronald Atkey, qui avait entendu parler de la r\u00e9union, a envoy\u00e9 deux agents d'\u00e9tablissement de la CEIC pour y assister.<\/p>\n<p>\u00c0 la suite de cette r\u00e9union, les participants ont d\u00e9cid\u00e9 d'organiser une strat\u00e9gie pour parrainer les r\u00e9fugi\u00e9s d'Asie du Sud-Est. Peu apr\u00e8s la r\u00e9union, un article dans le quotidien Globe &amp; Mail d\u00e9crivait l'initiative sous le nom de: \u2018Op\u00e9ration Lifeline\u2019. En l'espace de quelques semaines, plus de 60 assembl\u00e9es pour ce projet ont \u00e9t\u00e9 cr\u00e9\u00e9es dans le pays. L'initiative a tr\u00e8s bien r\u00e9ussi dans son objectif de fournir un soutien aux r\u00e9fugi\u00e9s qui avaient choisi de s'\u00e9tablir au Canada.<\/p>\n<p>Howard Adelman est \u00e0 la retraite depuis 2003. Il reste actif et continue d'\u00e9crire sur les questions relatives aux r\u00e9fugi\u00e9s. Il a \u00e9galement \u00e9t\u00e9 r\u00e9dacteur en chef de la revue universitaire Refuge, pendant dix ans. En d\u00e9cembre 2016, Howard Adelman a \u00e9t\u00e9 nomm\u00e9 membre de l'Ordre du Canada pour son travail militant au nom des r\u00e9fugi\u00e9s et pour sa bourse d'\u00e9tudes sur les r\u00e9fugi\u00e9s. <em>Refuge<\/em>,\u00a0for ten years. In December 2016, Adelman was named a Member of the Order of Canada for his activist work on behalf of and his scholarship on refugees.<\/p>\n<div class=\"videowrapper\"><iframe class=\"video\" src=\"https:\/\/www.youtube.com\/embed\/nRM0m9AC1uo\" frameborder=\"0\" allowfullscreen=\"allowfullscreen\">&lt;span data-mce-type=&quot;&rdquo;bookmark&rdquo;&quot; style=&quot;&rdquo;display:&quot; inline-block; width: 0px; overflow: hidden; line-height: 0;&rdquo; class=&quot;&rdquo;mce_SELRES_start&rdquo;&quot;&gt;&lt;\/span&gt;&lt;span data-mce-type=&quot;&rdquo;bookmark&rdquo;&quot; style=&quot;&rdquo;display:&quot; inline-block; width: 0px; overflow: hidden; line-height: 0;&rdquo; class=&quot;&rdquo;mce_SELRES_start&rdquo;&quot;&gt;&lt;\/span&gt;<\/iframe><\/div>","protected":false},"excerpt":{"rendered":"<p>Howard Adelman\u00a0retired as Professor Emeritus of Philosophy at York University\u00a0in 2003 where he had taught from 1966. He then became a visiting research scholar and professor at Princeton University for two years followed by a three year stretch as senior research fellow at the Key Centre for Ethics, Law,<\/p>","protected":false},"author":1,"featured_media":2618,"comment_status":"closed","ping_status":"open","sticky":true,"template":"","format":"standard","meta":{"_seopress_robots_primary_cat":"none","_seopress_titles_title":"","_seopress_titles_desc":"","_seopress_robots_index":"","footnotes":""},"categories":[69,36],"tags":[98,182,181,169],"class_list":["post-2357","post","type-post","status-publish","format-standard","has-post-thumbnail","hentry","category-canadian-facilitators","category-interviews","tag-government","tag-operation-lifeline","tag-scholar","tag-toronto"],"_links":{"self":[{"href":"https:\/\/heartsoffreedom.org\/fr\/wp-json\/wp\/v2\/posts\/2357","targetHints":{"allow":["GET"]}}],"collection":[{"href":"https:\/\/heartsoffreedom.org\/fr\/wp-json\/wp\/v2\/posts"}],"about":[{"href":"https:\/\/heartsoffreedom.org\/fr\/wp-json\/wp\/v2\/types\/post"}],"author":[{"embeddable":true,"href":"https:\/\/heartsoffreedom.org\/fr\/wp-json\/wp\/v2\/users\/1"}],"replies":[{"embeddable":true,"href":"https:\/\/heartsoffreedom.org\/fr\/wp-json\/wp\/v2\/comments?post=2357"}],"version-history":[{"count":1,"href":"https:\/\/heartsoffreedom.org\/fr\/wp-json\/wp\/v2\/posts\/2357\/revisions"}],"predecessor-version":[{"id":73563,"href":"https:\/\/heartsoffreedom.org\/fr\/wp-json\/wp\/v2\/posts\/2357\/revisions\/73563"}],"wp:featuredmedia":[{"embeddable":true,"href":"https:\/\/heartsoffreedom.org\/fr\/wp-json\/wp\/v2\/media\/2618"}],"wp:attachment":[{"href":"https:\/\/heartsoffreedom.org\/fr\/wp-json\/wp\/v2\/media?parent=2357"}],"wp:term":[{"taxonomy":"category","embeddable":true,"href":"https:\/\/heartsoffreedom.org\/fr\/wp-json\/wp\/v2\/categories?post=2357"},{"taxonomy":"post_tag","embeddable":true,"href":"https:\/\/heartsoffreedom.org\/fr\/wp-json\/wp\/v2\/tags?post=2357"}],"curies":[{"name":"wp","href":"https:\/\/api.w.org\/{rel}","templated":true}]}}